{"id":438,"date":"2021-01-25T11:52:00","date_gmt":"2021-01-25T10:52:00","guid":{"rendered":"http:\/\/pokretacipromjene.org\/?p=438"},"modified":"2021-03-11T11:52:59","modified_gmt":"2021-03-11T10:52:59","slug":"pokretaci-promjene-trening-prakticnih-zivotnih-vjestina","status":"publish","type":"post","link":"https:\/\/pokretacipromjene.org\/?p=438","title":{"rendered":"Pokreta\u010di promjene \u2013 trening prakti\u010dnih \u017eivotnih vje\u0161tina"},"content":{"rendered":"\n<p>Prva grupa polaznika uspje\u0161no je dovr\u0161ila svoj Trening prakti\u010dnih \u017eivotnih vje\u0161tina u sklopu projekta \u201ePokreta\u010di promjene \u2013 podr\u0161ka resocijalizaciji i reintegraciji mladih po\u010dinitelja kaznenih djela\u201c.<\/p>\n\n\n\n<p>Nakon \u0161to su polaznici pro\u0161li sve radionice, ispunili su evaluaciju, a sada \u017eelimo s Vama podijeliti rezultate: (ovo Matej mo\u017ee napraviti u nekim sli\u010dicama kao infografiku da ne bude previ\u0161e teksta)<\/p>\n\n\n\n<ul><li>55% sudionika uklju\u010dilo se na prijedlog ili zahtjev Centra za socijalnu skrb, dok se \u010dak 45% njih uklju\u010dilo na vlastiti zahtjev.<\/li><li>Istaknuli su da im je bilo izrazito korisno stupiti u komunikaciju s ljudima koji su u skupini i razmjenjivati iskustva i informacije, navode kako su teme zanimljive i korisne, a prezentiraju ih ljudi koji imaju veliko znanje.<\/li><li>88% sudionika smatra da se po zavr\u0161etku programa mogu obratiti stru\u010dnim suradnicima ukoliko im je potrebna pomo\u0107 ili podr\u0161ka.<\/li><li>100% sudionika preporu\u010dilo bi projekt nekome od svojih prijatelja ili poznanika.<\/li><\/ul>\n\n\n\n<p>Trenutno je u tijeku upis nove grupe. Sve informacije mo\u017ee\u0161 provjeriti na na\u0161oj stranici <a href=\"http:\/\/www.pokretacipromjene.org\">www.pokretacipromjene.org<\/a>.<\/p>\n\n\n\n<p>Uklju\u010di se! Budi i ti pokreta\u010d promjene!<\/p>\n\n\n\n<p>#pokretacipromjene #cnzd #zivotnevjestine<\/p>\n","protected":false},"excerpt":{"rendered":"<p>Prva grupa polaznika uspje\u0161no je dovr\u0161ila svoj Trening prakti\u010dnih \u017eivotnih vje\u0161tina u sklopu projekta \u201ePokreta\u010di promjene \u2013 podr\u0161ka resocijalizaciji i reintegraciji mladih po\u010dinitelja kaznenih djela\u201c. Nakon \u0161to su polaznici pro\u0161li sve radionice, ispunili su evaluaciju, a sada \u017eelimo s Vama podijeliti rezultate: (ovo Matej mo\u017ee napraviti u nekim sli\u010dicama kao infografiku da ne bude previ\u0161e &#8230; <a title=\"Pokreta\u010di promjene \u2013 trening prakti\u010dnih \u017eivotnih vje\u0161tina\" class=\"read-more\" href=\"https:\/\/pokretacipromjene.org\/?p=438\">Pro\u010ditaj vi\u0161e<\/a><\/p>\n","protected":false},"author":1,"featured_media":433,"comment_status":"closed","ping_status":"closed","sticky":false,"template":"","format":"standard","meta":[],"categories":[5],"tags":[],"jetpack_featured_media_url":"https:\/\/pokretacipromjene.org\/wp-content\/uploads\/2021\/03\/pocinitelji_vijest.jpg","_links":{"self":[{"href":"https:\/\/pokretacipromjene.org\/index.php?rest_route=\/wp\/v2\/posts\/438"}],"collection":[{"href":"https:\/\/pokretacipromjene.org\/index.php?rest_route=\/wp\/v2\/posts"}],"about":[{"href":"https:\/\/pokretacipromjene.org\/index.php?rest_route=\/wp\/v2\/types\/post"}],"author":[{"embeddable":true,"href":"https:\/\/pokretacipromjene.org\/index.php?rest_route=\/wp\/v2\/users\/1"}],"replies":[{"embeddable":true,"href":"https:\/\/pokretacipromjene.org\/index.php?rest_route=%2Fwp%2Fv2%2Fcomments&post=438"}],"version-history":[{"count":1,"href":"https:\/\/pokretacipromjene.org\/index.php?rest_route=\/wp\/v2\/posts\/438\/revisions"}],"predecessor-version":[{"id":439,"href":"https:\/\/pokretacipromjene.org\/index.php?rest_route=\/wp\/v2\/posts\/438\/revisions\/439"}],"wp:featuredmedia":[{"embeddable":true,"href":"https:\/\/pokretacipromjene.org\/index.php?rest_route=\/wp\/v2\/media\/433"}],"wp:attachment":[{"href":"https:\/\/pokretacipromjene.org\/index.php?rest_route=%2Fwp%2Fv2%2Fmedia&parent=438"}],"wp:term":[{"taxonomy":"category","embeddable":true,"href":"https:\/\/pokretacipromjene.org\/index.php?rest_route=%2Fwp%2Fv2%2Fcategories&post=438"},{"taxonomy":"post_tag","embeddable":true,"href":"https:\/\/pokretacipromjene.org\/index.php?rest_route=%2Fwp%2Fv2%2Ftags&post=438"}],"curies":[{"name":"wp","href":"https:\/\/api.w.org\/{rel}","templated":true}]}}