{"id":429,"date":"2020-12-15T11:45:00","date_gmt":"2020-12-15T10:45:00","guid":{"rendered":"http:\/\/pokretacipromjene.org\/?p=429"},"modified":"2021-03-11T11:47:42","modified_gmt":"2021-03-11T10:47:42","slug":"pokretaci-promjene-upisi-u-novu-grupu","status":"publish","type":"post","link":"https:\/\/pokretacipromjene.org\/?p=429","title":{"rendered":"Pokreta\u010di promjene \u2013 upisi u novu grupu"},"content":{"rendered":"\n<p>Pro\u0161lo je ne\u0161to vi\u0161e od godinu dana otkad je zapo\u010deo na\u0161 projekt \u201ePokreta\u010di promjene \u2013 podr\u0161ka resocijalizaciji i reintegraciji mladih po\u010dinitelja kaznenih djela\u201c.<\/p>\n\n\n\n<p>Cilj projekta je razvijanje socijalnih vje\u0161tina i znanja te pove\u0107anje motivacije i konkurentnosti na tr\u017ei\u0161tu rada mladih po\u010dinitelja kaznenih djela. Osim toga cilj je i ja\u010danje kapaciteta stru\u010dnjaka za kvalitetno pru\u017eanje pomo\u0107i i podr\u0161ke, ali i senzibiliziranje javnosti i razvijanje svijesti o va\u017enpsti resocijalizacije mladih po\u010dinitelja kaznenih djela.<\/p>\n\n\n\n<p>U tijeku su upisi u novu grupu, stoga pozivamo sve zainteresirane da vi\u0161e o samom projektu pro\u010ditaju na stranici <a href=\"http:\/\/www.pokretacipromjene.org\">www.pokretacipromjene.org<\/a> , a potom nas kontaktiraju.<\/p>\n\n\n\n<p>Vi\u0161e o samim aktivnostima saznat \u0107ete kroz na\u0161e objave koje slijede uskoro\u2026. Pratite nas!<\/p>\n\n\n\n<p>#pokretacipromjene #cnzd #zivotnevjestine<\/p>\n\n\n\n<p>VIDEO SNIMLJEN ZA POKRETA\u010cE PROMJENA<\/p>\n\n\n\n<figure class=\"wp-block-embed-youtube wp-block-embed is-type-video is-provider-youtube wp-embed-aspect-16-9 wp-has-aspect-ratio\"><div class=\"wp-block-embed__wrapper\">\n<iframe loading=\"lazy\" title=\"Pokreta\u010di promjene - podr\u0161ka resocijalizaciji i reintegraciji mladih po\u010dinitelja kaznenih djela\" width=\"1200\" height=\"675\" src=\"https:\/\/www.youtube.com\/embed\/nz8lcMKARhA?feature=oembed\" frameborder=\"0\" allow=\"accelerometer; autoplay; clipboard-write; encrypted-media; gyroscope; picture-in-picture\" allowfullscreen><\/iframe>\n<\/div><\/figure>\n","protected":false},"excerpt":{"rendered":"<p>Pro\u0161lo je ne\u0161to vi\u0161e od godinu dana otkad je zapo\u010deo na\u0161 projekt \u201ePokreta\u010di promjene \u2013 podr\u0161ka resocijalizaciji i reintegraciji mladih po\u010dinitelja kaznenih djela\u201c. Cilj projekta je razvijanje socijalnih vje\u0161tina i znanja te pove\u0107anje motivacije i konkurentnosti na tr\u017ei\u0161tu rada mladih po\u010dinitelja kaznenih djela. Osim toga cilj je i ja\u010danje kapaciteta stru\u010dnjaka za kvalitetno pru\u017eanje pomo\u0107i &#8230; <a title=\"Pokreta\u010di promjene \u2013 upisi u novu grupu\" class=\"read-more\" href=\"https:\/\/pokretacipromjene.org\/?p=429\">Pro\u010ditaj vi\u0161e<\/a><\/p>\n","protected":false},"author":1,"featured_media":430,"comment_status":"closed","ping_status":"closed","sticky":false,"template":"","format":"standard","meta":[],"categories":[5],"tags":[],"jetpack_featured_media_url":"https:\/\/pokretacipromjene.org\/wp-content\/uploads\/2021\/03\/pocinitelji_2.jpg","_links":{"self":[{"href":"https:\/\/pokretacipromjene.org\/index.php?rest_route=\/wp\/v2\/posts\/429"}],"collection":[{"href":"https:\/\/pokretacipromjene.org\/index.php?rest_route=\/wp\/v2\/posts"}],"about":[{"href":"https:\/\/pokretacipromjene.org\/index.php?rest_route=\/wp\/v2\/types\/post"}],"author":[{"embeddable":true,"href":"https:\/\/pokretacipromjene.org\/index.php?rest_route=\/wp\/v2\/users\/1"}],"replies":[{"embeddable":true,"href":"https:\/\/pokretacipromjene.org\/index.php?rest_route=%2Fwp%2Fv2%2Fcomments&post=429"}],"version-history":[{"count":1,"href":"https:\/\/pokretacipromjene.org\/index.php?rest_route=\/wp\/v2\/posts\/429\/revisions"}],"predecessor-version":[{"id":431,"href":"https:\/\/pokretacipromjene.org\/index.php?rest_route=\/wp\/v2\/posts\/429\/revisions\/431"}],"wp:featuredmedia":[{"embeddable":true,"href":"https:\/\/pokretacipromjene.org\/index.php?rest_route=\/wp\/v2\/media\/430"}],"wp:attachment":[{"href":"https:\/\/pokretacipromjene.org\/index.php?rest_route=%2Fwp%2Fv2%2Fmedia&parent=429"}],"wp:term":[{"taxonomy":"category","embeddable":true,"href":"https:\/\/pokretacipromjene.org\/index.php?rest_route=%2Fwp%2Fv2%2Fcategories&post=429"},{"taxonomy":"post_tag","embeddable":true,"href":"https:\/\/pokretacipromjene.org\/index.php?rest_route=%2Fwp%2Fv2%2Ftags&post=429"}],"curies":[{"name":"wp","href":"https:\/\/api.w.org\/{rel}","templated":true}]}}